{"id":3140,"date":"2019-03-18T11:39:56","date_gmt":"2019-03-18T15:39:56","guid":{"rendered":"http:\/\/aimta922.ca\/?p=3140"},"modified":"2020-05-13T14:09:30","modified_gmt":"2020-05-13T18:09:30","slug":"la-semaine-du-francais-au-travail-la-ftq-en-action-pour-la-francisation","status":"publish","type":"post","link":"http:\/\/aimta922.ca\/?p=3140","title":{"rendered":"La Semaine du fran\u00e7ais au travail\u00a0: la FTQ en action pour la francisation"},"content":{"rendered":"<p><strong>Montr\u00e9al, le 17 mars 2019.<\/strong> \u2013 Dans le cadre de la <em>Semaine du fran\u00e7ais au travail<\/em>, la F\u00e9d\u00e9ration des travailleurs et travailleuses du Qu\u00e9bec (FTQ), en collaboration avec le Secr\u00e9tariat \u00e0 la promotion et \u00e0 la valorisation de la langue fran\u00e7aise du minist\u00e8re de la Culture et des Communications, pr\u00e9sente cette ann\u00e9e une exposition qui retrace les 50\u00a0ans d\u2019actions de la FTQ en mati\u00e8re de francisation. Cette exposition se tiendra dans le hall du Fonds de solidarit\u00e9 de la FTQ, situ\u00e9 au 545, boulevard Cr\u00e9mazie Est \u00e0 Montr\u00e9al. L\u2019exposition peut aussi \u00eatre visit\u00e9e en ligne \u00e0 l\u2019adresse suivante\u00a0: <a href=\"https:\/\/ftq.qc.ca\/50ansfrancisation\">https:\/\/ftq.qc.ca\/50ansfrancisation<\/a>.<\/p>\n<p><!--more--><\/p>\n<p>\u00ab\u2009<em>C\u2019est en novembre 1969, lors du 11<sup>e<\/sup> Congr\u00e8s de la FTQ, que les d\u00e9l\u00e9gu\u00e9s ont ratifi\u00e9 la premi\u00e8re politique linguistique de la FTQ affirmant que \u201cle fran\u00e7ais doit devenir la langue de travail normale et courante \u00e0 tous les paliers de l\u2019activit\u00e9 \u00e9conomique au Qu\u00e9bec\u201d. La FTQ est fi\u00e8re du chemin parcouru, bien que, encore aujourd\u2019hui, le fran\u00e7ais reste menac\u00e9 par l\u2019envahissement de l\u2019anglais dans le monde du travail et dans notre quotidien. Plus que jamais, il faut se retrousser les manches et prendre des actions pour imposer le fran\u00e7ais dans nos milieux\u2009<\/em>\u00bb, d\u00e9clare le pr\u00e9sident de la FTQ, Daniel Boyer.<\/p>\n<p>La francisation des entreprises n\u2019est pas une t\u00e2che facile et pour y r\u00e9pondre, la FTQ annonce dans les ann\u00e9es\u00a01980 la cr\u00e9ation de son service permanent de la francisation qui coordonne les actions de la FTQ en mati\u00e8re de francisation\u00a0: rencontre annuelle de francisation, bulletin <em>Travailler en fran\u00e7ais<\/em>, campagne d\u2019affichage, campagne de sensibilisation dans les milieux de travail ou soutien aux comit\u00e9s de francisation pour ne nommer que ceux-l\u00e0.<\/p>\n<p>\u00ab\u2009<em>Les d\u00e9fis que repr\u00e9sente la francisation dans les milieux de travail et dans la soci\u00e9t\u00e9 en g\u00e9n\u00e9ral sont immenses. Plus que jamais, il faut serrer les rangs et ne pas h\u00e9siter \u00e0 revendiquer le respect de notre langue qu\u2019est le fran\u00e7ais. Ce n\u2019est pas un secret, la mondialisation exerce une immense pression sur nos soci\u00e9t\u00e9s et nos organisations, c\u2019est pourquoi il ne faut pas h\u00e9siter \u00e0 revendiquer le respect de notre langue commune<\/em>\u00a0\u00bb<em>, <\/em>conclut le pr\u00e9sident de la FTQ Daniel Boyer.<\/p>\n<p>La FTQ, la plus grande centrale syndicale au Qu\u00e9bec, repr\u00e9sente plus de 600\u2009000 travailleurs et travailleuses.<\/p>\n<p>Source\u00a0: FTQ<\/p>\n<p>Renseignements\u00a0: Jean Laverdi\u00e8re, 514\u00a0893-7809, jlaverdiere@ftq.qc.ca<\/p>\n","protected":false},"excerpt":{"rendered":"<p>Montr\u00e9al, le 17 mars 2019. \u2013 Dans le cadre de la Semaine du fran\u00e7ais au travail, la F\u00e9d\u00e9ration des travailleurs et travailleuses du Qu\u00e9bec (FTQ), en collaboration avec le Secr\u00e9tariat \u00e0 la promotion et \u00e0 la valorisation de la langue fran\u00e7aise du minist\u00e8re de la Culture et des Communications, pr\u00e9sente cette ann\u00e9e une exposition qui &hellip; <\/p>\n<p><a class=\"more-link btn\" href=\"http:\/\/aimta922.ca\/?p=3140\">Continue reading<\/a><\/p>\n","protected":false},"author":2,"featured_media":0,"comment_status":"closed","ping_status":"closed","sticky":false,"template":"","format":"standard","meta":[],"categories":[4],"tags":[],"_links":{"self":[{"href":"http:\/\/aimta922.ca\/index.php?rest_route=\/wp\/v2\/posts\/3140"}],"collection":[{"href":"http:\/\/aimta922.ca\/index.php?rest_route=\/wp\/v2\/posts"}],"about":[{"href":"http:\/\/aimta922.ca\/index.php?rest_route=\/wp\/v2\/types\/post"}],"author":[{"embeddable":true,"href":"http:\/\/aimta922.ca\/index.php?rest_route=\/wp\/v2\/users\/2"}],"replies":[{"embeddable":true,"href":"http:\/\/aimta922.ca\/index.php?rest_route=%2Fwp%2Fv2%2Fcomments&post=3140"}],"version-history":[{"count":1,"href":"http:\/\/aimta922.ca\/index.php?rest_route=\/wp\/v2\/posts\/3140\/revisions"}],"predecessor-version":[{"id":3141,"href":"http:\/\/aimta922.ca\/index.php?rest_route=\/wp\/v2\/posts\/3140\/revisions\/3141"}],"wp:attachment":[{"href":"http:\/\/aimta922.ca\/index.php?rest_route=%2Fwp%2Fv2%2Fmedia&parent=3140"}],"wp:term":[{"taxonomy":"category","embeddable":true,"href":"http:\/\/aimta922.ca\/index.php?rest_route=%2Fwp%2Fv2%2Fcategories&post=3140"},{"taxonomy":"post_tag","embeddable":true,"href":"http:\/\/aimta922.ca\/index.php?rest_route=%2Fwp%2Fv2%2Ftags&post=3140"}],"curies":[{"name":"wp","href":"https:\/\/api.w.org\/{rel}","templated":true}]}}