{"id":3156,"date":"2019-06-12T10:55:56","date_gmt":"2019-06-12T14:55:56","guid":{"rendered":"http:\/\/aimta922.ca\/?p=3156"},"modified":"2020-05-13T14:09:30","modified_gmt":"2020-05-13T18:09:30","slug":"la-campagne-de-la-ftq-pour-une-transition-energetique-juste-de-leconomie-de-passage-en-estrie","status":"publish","type":"post","link":"http:\/\/aimta922.ca\/?p=3156","title":{"rendered":"La campagne de la FTQ pour une transition \u00e9nerg\u00e9tique juste de l\u2019\u00e9conomie de passage en Estrie."},"content":{"rendered":"\n<p class=\"has-drop-cap\">La F\u00e9d\u00e9ration des  travailleurs et travailleuses du Qu\u00e9bec (FTQ), en collaboration avec le Fonds  de solidarit\u00e9 FTQ et l\u2019Institut de recherche en \u00e9conomie contemporaine (IR\u00c9C),  poursuit sa tourn\u00e9e du Qu\u00e9bec aupr\u00e8s des leaders syndicaux de la FTQ pour faire campagne pour une transition \u00e9nerg\u00e9tique juste de l\u2019\u00e9conomie. \u00c0 chaque  \u00e9tape de la tourn\u00e9e, l\u2019IR\u00c9C profite de l\u2019occasion pour rendre public le  portrait socio-\u00e9conomique de la r\u00e9gion visit\u00e9e. Les 10 et 11 juin, c&rsquo;est le portrait sommaire de la r\u00e9gion de l\u2019Estrie qui a \u00e9t\u00e9 rendu public.<\/p>\n\n\n\n<!--more-->\n\n\n\n<p>\u00ab\u2009Les effets des changements climatiques sont une r\u00e9alit\u00e9 et\ncette transformation aura t\u00f4t ou tard des effets sur nos \u00e9conomies, nos\nemplois. C\u2019est pour cela qu\u2019il faut d\u00e8s maintenant s\u2019atteler \u00e0 la t\u00e2che et\nr\u00e9fl\u00e9chir collectivement sur les cons\u00e9quences de ces changements et des impacts\nsur les emplois, les travailleurs et les travailleuses. Nous devons planifier\nd\u00e8s \u00e0 pr\u00e9sent la transition \u00e9nerg\u00e9tique pour \u00e9viter que les travailleurs et\ntravailleuses soient laiss\u00e9s pour compte. Connaitre son pr\u00e9sent pour mieux\nanticiper le futur c\u2019est le d\u00e9fi que se donne la FTQ\u2009\u00bb, d\u00e9clare le secr\u00e9taire\ng\u00e9n\u00e9ral de la FTQ, Serge Cadieux.<\/p>\n\n\n\n<p>\u00ab\u2009Cette formation sur la transition \u00e9nerg\u00e9tique doit\npermettre \u00e0 nos militants et militantes de prendre conscience de l\u2019importance\ndes impacts de la transition vers une \u00e9conomie plus verte et de s\u2019assurer que\ncette transition se fasse de concert avec les travailleurs et travailleuses.\nPar ailleurs, il faudra insister aupr\u00e8s des entreprises pour que les co\u00fbts li\u00e9s\n\u00e0 la formation de la main-d\u2019\u0153uvre ne soient plus per\u00e7us comme une d\u00e9pense, mais\ncomme un investissement \u00e0 long terme\u2009\u00bb, ajoute le conseiller r\u00e9gional de la\nFTQ, Ricky Lewis.<\/p>\n\n\n\n<h3> <br><strong>Portrait socio-\u00e9conomique de la r\u00e9gion de l\u2019Estrie<\/strong><\/h3>\n\n\n\n<h4>Le portrait \u00e9conomique&nbsp;:<\/h4>\n\n\n\n<ul><li>Niveau de scolarit\u00e9 plus bas que le reste du\nQu\u00e9bec;<\/li><li>Taux de ch\u00f4mage inf\u00e9rieur \u00e0 la moyenne\nqu\u00e9b\u00e9coise;<\/li><li>Revenu m\u00e9dian (65&nbsp;090 $) inf\u00e9rieur \u00e0 la\nm\u00e9diane qu\u00e9b\u00e9coise (69&nbsp;840 $).<\/li><\/ul>\n\n\n\n<p>Les d\u00e9fis pos\u00e9s par la vocation \u00e9conomique, ax\u00e9e sur le secteur manufacturier, et l\u2019importance des petites et moyennes entreprises:<\/p>\n\n\n\n<ul><li>Atout du march\u00e9 am\u00e9ricain;<\/li><li>Valorisation des ressources et de leur\ntransformation;<\/li><li>Ajustement au niveau de la main-d\u2019\u0153uvre.<\/li><\/ul>\n\n\n\n<h4>Un passif environnemental important :<\/h4>\n\n\n\n<ul><li>Le bilan de la r\u00e9gion en mati\u00e8re de consommation\nde carburant par 5&nbsp;000 habitants est l\u00e9g\u00e8rement sup\u00e9rieur (5,6 millions de\nlitres) \u00e0 la moyenne du Qu\u00e9bec (5,3 millions de litres);<\/li><li>Le bilan carbone de 3 des 10 entreprises\n\u00e9mettant le plus de gaz \u00e0 effet de serre \u00e9quivaut \u00e0 l\u2019\u00e9mission de 1 667 014\nmillions de tonnes de CO2.<\/li><\/ul>\n\n\n\n<h4>Solutions de transition juste :<\/h4>\n\n\n\n<ul><li>Valorisation de la biomasse;<\/li><li>Innovation et stockage du CO2;<\/li><li>Am\u00e9lioration de l\u2019efficacit\u00e9 \u00e9nerg\u00e9tique dans le\nsecteur du caoutchouc.<\/li><\/ul>\n\n\n\n<p>La FTQ, la plus grande centrale syndicale au Qu\u00e9bec, repr\u00e9sente\nplus de 600&nbsp;000 travailleurs et travailleuses.<\/p>\n\n\n\n<p>Pour plus de renseignements sur la tourn\u00e9e : <a href=\"https:\/\/ftq.qc.ca\/tournee-regionale-ftq-fonds\">https:\/\/ftq.qc.ca\/tournee-regionale-ftq-fonds<\/a>. <\/p>\n\n\n\n<p>Source : FTQ <\/p>\n","protected":false},"excerpt":{"rendered":"<p>La F\u00e9d\u00e9ration des  travailleurs et travailleuses du Qu\u00e9bec (FTQ), en collaboration avec le Fonds  de solidarit\u00e9 FTQ et l\u2019Institut de recherche en \u00e9conomie contemporaine (IR\u00c9C),  poursuit sa tourn\u00e9e du Qu\u00e9bec aupr\u00e8s des leaders syndicaux de la FTQ pour faire campagne pour une transition \u00e9nerg\u00e9tique juste de l\u2019\u00e9conomie.<\/p>\n","protected":false},"author":2,"featured_media":0,"comment_status":"closed","ping_status":"closed","sticky":false,"template":"","format":"standard","meta":[],"categories":[2],"tags":[44,43,42,38,45,17],"_links":{"self":[{"href":"http:\/\/aimta922.ca\/index.php?rest_route=\/wp\/v2\/posts\/3156"}],"collection":[{"href":"http:\/\/aimta922.ca\/index.php?rest_route=\/wp\/v2\/posts"}],"about":[{"href":"http:\/\/aimta922.ca\/index.php?rest_route=\/wp\/v2\/types\/post"}],"author":[{"embeddable":true,"href":"http:\/\/aimta922.ca\/index.php?rest_route=\/wp\/v2\/users\/2"}],"replies":[{"embeddable":true,"href":"http:\/\/aimta922.ca\/index.php?rest_route=%2Fwp%2Fv2%2Fcomments&post=3156"}],"version-history":[{"count":3,"href":"http:\/\/aimta922.ca\/index.php?rest_route=\/wp\/v2\/posts\/3156\/revisions"}],"predecessor-version":[{"id":3186,"href":"http:\/\/aimta922.ca\/index.php?rest_route=\/wp\/v2\/posts\/3156\/revisions\/3186"}],"wp:attachment":[{"href":"http:\/\/aimta922.ca\/index.php?rest_route=%2Fwp%2Fv2%2Fmedia&parent=3156"}],"wp:term":[{"taxonomy":"category","embeddable":true,"href":"http:\/\/aimta922.ca\/index.php?rest_route=%2Fwp%2Fv2%2Fcategories&post=3156"},{"taxonomy":"post_tag","embeddable":true,"href":"http:\/\/aimta922.ca\/index.php?rest_route=%2Fwp%2Fv2%2Ftags&post=3156"}],"curies":[{"name":"wp","href":"https:\/\/api.w.org\/{rel}","templated":true}]}}